{"id":3133,"date":"2020-06-04T18:10:34","date_gmt":"2020-06-04T18:10:34","guid":{"rendered":"http:\/\/localhost\/2020\/06\/04\/hunger-is-a-racial-justice-issue\/"},"modified":"2020-06-04T18:10:34","modified_gmt":"2020-06-04T18:10:34","slug":"hunger-is-a-racial-justice-issue","status":"publish","type":"post","link":"https:\/\/www.cafoodbanks.org\/es\/blog\/hunger-is-a-racial-justice-issue\/","title":{"rendered":"El hambre es una cuesti\u00f3n de justicia racial"},"content":{"rendered":"<figure class=\"wp-block-image size-large\"><img loading=\"lazy\" decoding=\"async\" width=\"1024\" height=\"512\" src=\"\/wp-content\/uploads\/2020\/06\/Artboard 3.png\" alt=\"\" class=\"wp-image-2988\" srcset=\"https:\/\/www.cafoodbanks.org\/wp-content\/uploads\/2020\/06\/Artboard%203.png 1024w, https:\/\/www.cafoodbanks.org\/wp-content\/uploads\/2020\/06\/Artboard%203-300x150.png 300w, https:\/\/www.cafoodbanks.org\/wp-content\/uploads\/2020\/06\/Artboard%203-768x384.png 768w, https:\/\/www.cafoodbanks.org\/wp-content\/uploads\/2020\/06\/Artboard%203-16x8.png 16w\" sizes=\"auto, (max-width: 1024px) 100vw, 1024px\" \/><\/figure>\r\n\t\t\t\t\t\t\r\n\t\t\t\t\t<p dir=\"ltr\">Como muchos, estamos tristes y enojados por las continuas injusticias experimentadas por la comunidad negra en este pa\u00eds. Lamentamos las vidas perdidas a manos de la polic\u00eda. Y estamos al lado de los miembros de la comunidad negra, colegas, amigos y familiares para exigir justicia para George Floyd y los innumerables otros.<\/p>\r\n\r\n<p dir=\"ltr\">Creemos que el acceso a los alimentos es un derecho civil. La comida es combustible para aprender y hablar, la medicina para desarrollar fuerza y poder, y es la forma en que celebramos y nos conectamos a trav\u00e9s de las culturas.&nbsp;&nbsp;<\/p>\r\n\r\n<p dir=\"ltr\">Al ser testigos de la omnipresencia de <a href=\"https:\/\/www.bread.org\/sites\/default\/files\/hunger-poverty-african-american-september-2018.pdf\">inseguridad alimentaria en las comunidades negras<\/a>, vemos un s\u00edntoma de algo mucho m\u00e1s profundo: de hambre paralizante, de pobreza c\u00edclica y de racismo hist\u00f3rico y sistematizado. Para acabar con el hambre, debemos acabar con el racismo sist\u00e9mico.<\/p>\r\n\r\n<p dir=\"ltr\"><a href=\"https:\/\/www.moveforhunger.org\/hunger-racial-equity-issue\">El hambre es un problema de justicia racial<\/a>. Y reconocemos que nuestro compromiso de acabar con el hambre tambi\u00e9n requiere que hagamos un trabajo antirracista proactivo no solo dentro de nuestra comunidad sino tambi\u00e9n dentro de nuestra propia organizaci\u00f3n. Prometemos escuchar y aprender, reflexionar y hacer el trabajo necesario para ser un verdadero aliado. Nos comprometemos a mantener nuestra indignaci\u00f3n colectiva por el abuso de los negros en Estados Unidos para impulsar cambios en las pol\u00edticas y<a href=\"https:\/\/vimeo.com\/133506632\"> <\/a>sistemas de injusticia y opresi\u00f3n.<\/p>\r\n\r\n<p dir=\"ltr\">Las vidas negras importan.&nbsp;<\/p>","protected":false},"excerpt":{"rendered":"<p>Like so many, we are sad and angry at the ongoing injustices&nbsp;experienced by the Black community in this country. We [&hellip;]<\/p>\n","protected":false},"author":1,"featured_media":2988,"comment_status":"open","ping_status":"open","sticky":false,"template":"","format":"standard","meta":{"_acf_changed":false,"_seopress_robots_primary_cat":"","_seopress_titles_title":"","_seopress_titles_desc":"","_seopress_robots_index":"","_searchwp_excluded":"","footnotes":""},"categories":[15],"tags":[6],"class_list":["post-3133","post","type-post","status-publish","format-standard","has-post-thumbnail","hentry","category-blog","tag-advocacy"],"acf":[],"_links":{"self":[{"href":"https:\/\/www.cafoodbanks.org\/es\/wp-json\/wp\/v2\/posts\/3133","targetHints":{"allow":["GET"]}}],"collection":[{"href":"https:\/\/www.cafoodbanks.org\/es\/wp-json\/wp\/v2\/posts"}],"about":[{"href":"https:\/\/www.cafoodbanks.org\/es\/wp-json\/wp\/v2\/types\/post"}],"author":[{"embeddable":true,"href":"https:\/\/www.cafoodbanks.org\/es\/wp-json\/wp\/v2\/users\/1"}],"replies":[{"embeddable":true,"href":"https:\/\/www.cafoodbanks.org\/es\/wp-json\/wp\/v2\/comments?post=3133"}],"version-history":[{"count":0,"href":"https:\/\/www.cafoodbanks.org\/es\/wp-json\/wp\/v2\/posts\/3133\/revisions"}],"wp:featuredmedia":[{"embeddable":true,"href":"https:\/\/www.cafoodbanks.org\/es\/wp-json\/wp\/v2\/media\/2988"}],"wp:attachment":[{"href":"https:\/\/www.cafoodbanks.org\/es\/wp-json\/wp\/v2\/media?parent=3133"}],"wp:term":[{"taxonomy":"category","embeddable":true,"href":"https:\/\/www.cafoodbanks.org\/es\/wp-json\/wp\/v2\/categories?post=3133"},{"taxonomy":"post_tag","embeddable":true,"href":"https:\/\/www.cafoodbanks.org\/es\/wp-json\/wp\/v2\/tags?post=3133"}],"curies":[{"name":"wp","href":"https:\/\/api.w.org\/{rel}","templated":true}]}}